{"id":6468,"date":"2026-08-23T17:28:21","date_gmt":"2026-08-23T20:28:21","guid":{"rendered":"https:\/\/www.nossacasa.com.br\/blog\/?p=6468"},"modified":"2026-08-23T18:19:18","modified_gmt":"2026-08-23T21:19:18","slug":"imoveis-em-torres-cidade-ocupa-3o-lugar-no-volume-de-negociacoes-do-litoral-norte","status":"publish","type":"post","link":"https:\/\/www.nossacasa.com.br\/blog\/imoveis-em-torres-cidade-ocupa-3o-lugar-no-volume-de-negociacoes-do-litoral-norte\/","title":{"rendered":"Im\u00f3veis em Torres: cidade ocupa 3\u00ba lugar no volume de negocia\u00e7\u00f5es do Litoral Norte"},"content":{"rendered":"\t\t<div data-elementor-type=\"wp-post\" data-elementor-id=\"6468\" class=\"elementor elementor-6468\" data-elementor-post-type=\"post\">\n\t\t\t\t\t\t<section class=\"elementor-section elementor-top-section elementor-element elementor-element-94bc1de elementor-section-boxed elementor-section-height-default elementor-section-height-default wpr-particle-no wpr-jarallax-no wpr-parallax-no wpr-sticky-section-no wpr-column-slider-no wpr-equal-height-no\" data-id=\"94bc1de\" data-element_type=\"section\" data-e-type=\"section\">\n\t\t\t\t\t\t<div class=\"elementor-container elementor-column-gap-default\">\n\t\t\t\t\t<div class=\"elementor-column elementor-col-100 elementor-top-column elementor-element elementor-element-88e3912\" data-id=\"88e3912\" data-element_type=\"column\" data-e-type=\"column\">\n\t\t\t<div class=\"elementor-widget-wrap elementor-element-populated\">\n\t\t\t\t\t\t<div class=\"elementor-element elementor-element-63466ed elementor-widget elementor-widget-text-editor\" data-id=\"63466ed\" data-element_type=\"widget\" data-e-type=\"widget\" data-widget_type=\"text-editor.default\">\n\t\t\t\t<div class=\"elementor-widget-container\">\n\t\t\t\t\t\t\t\t\t<p><span style=\"font-weight: 400\">Torres segue em destaque no mercado imobili\u00e1rio do Litoral Norte ga\u00facho. No primeiro semestre de 2026, o munic\u00edpio movimentou <\/span><b>R$ 442,5 milh\u00f5es em negocia\u00e7\u00f5es de im\u00f3veis<\/b><span style=\"font-weight: 400\">, ficando na terceira posi\u00e7\u00e3o entre as cidades da regi\u00e3o.<\/span><\/p><p><span style=\"font-weight: 400\">Os dados fazem parte de um levantamento do <\/span><a href=\"https:\/\/sinduscon-rs.com.br\/\"><span style=\"font-weight: 400\">Sinduscon-RS<\/span><\/a><span style=\"font-weight: 400\">, baseado na arrecada\u00e7\u00e3o do ITBI, e mostram a for\u00e7a que o setor imobili\u00e1rio mant\u00e9m em Torres. O munic\u00edpio ficou atr\u00e1s apenas de <\/span><b>Cap\u00e3o da Canoa e Xangri-L\u00e1<\/b><span style=\"font-weight: 400\"> em volume de negocia\u00e7\u00f5es no per\u00edodo.<\/span><\/p><p><span style=\"font-weight: 400\">Mas o que esse resultado representa para quem est\u00e1 pensando em comprar, vender ou investir em <\/span><b>im\u00f3veis em Torres<\/b><span style=\"font-weight: 400\">?<\/span><\/p>\t\t\t\t\t\t\t\t<\/div>\n\t\t\t\t<\/div>\n\t\t\t\t\t<\/div>\n\t\t<\/div>\n\t\t\t\t\t<\/div>\n\t\t<\/section>\n\t\t\t\t<section class=\"elementor-section elementor-top-section elementor-element elementor-element-4f2099f elementor-section-boxed elementor-section-height-default elementor-section-height-default wpr-particle-no wpr-jarallax-no wpr-parallax-no wpr-sticky-section-no wpr-column-slider-no wpr-equal-height-no\" data-id=\"4f2099f\" data-element_type=\"section\" data-e-type=\"section\">\n\t\t\t\t\t\t<div class=\"elementor-container elementor-column-gap-default\">\n\t\t\t\t\t<div class=\"elementor-column elementor-col-100 elementor-top-column elementor-element elementor-element-4ecba05\" data-id=\"4ecba05\" data-element_type=\"column\" data-e-type=\"column\">\n\t\t\t<div class=\"elementor-widget-wrap elementor-element-populated\">\n\t\t\t\t\t\t<div class=\"elementor-element elementor-element-8b06131 elementor-widget elementor-widget-heading\" data-id=\"8b06131\" data-element_type=\"widget\" data-e-type=\"widget\" data-widget_type=\"heading.default\">\n\t\t\t\t<div class=\"elementor-widget-container\">\n\t\t\t\t\t<h2 class=\"elementor-heading-title elementor-size-default\">Torres est\u00e1 entre os principais mercados imobili\u00e1rios do Litoral Norte<\/h2>\t\t\t\t<\/div>\n\t\t\t\t<\/div>\n\t\t\t\t\t<\/div>\n\t\t<\/div>\n\t\t\t\t\t<\/div>\n\t\t<\/section>\n\t\t\t\t<section class=\"elementor-section elementor-top-section elementor-element elementor-element-b2a7436 elementor-section-boxed elementor-section-height-default elementor-section-height-default wpr-particle-no wpr-jarallax-no wpr-parallax-no wpr-sticky-section-no wpr-column-slider-no wpr-equal-height-no\" data-id=\"b2a7436\" data-element_type=\"section\" data-e-type=\"section\">\n\t\t\t\t\t\t<div class=\"elementor-container elementor-column-gap-default\">\n\t\t\t\t\t<div class=\"elementor-column elementor-col-100 elementor-top-column elementor-element elementor-element-d66c5df\" data-id=\"d66c5df\" data-element_type=\"column\" data-e-type=\"column\">\n\t\t\t<div class=\"elementor-widget-wrap elementor-element-populated\">\n\t\t\t\t\t\t<div class=\"elementor-element elementor-element-1568833 elementor-widget elementor-widget-text-editor\" data-id=\"1568833\" data-element_type=\"widget\" data-e-type=\"widget\" data-widget_type=\"text-editor.default\">\n\t\t\t\t<div class=\"elementor-widget-container\">\n\t\t\t\t\t\t\t\t\t<p><span style=\"font-weight: 400\">Os n\u00fameros do primeiro semestre de 2026 ajudam a dimensionar a import\u00e2ncia de Torres dentro do mercado imobili\u00e1rio regional.<\/span><\/p><p><span style=\"font-weight: 400\">Ao todo, os munic\u00edpios do Litoral Norte movimentaram aproximadamente <\/span><b>R$ 3,74 bilh\u00f5es em negocia\u00e7\u00f5es de im\u00f3veis<\/b><span style=\"font-weight: 400\"> no per\u00edodo.<\/span><\/p><p><span style=\"font-weight: 400\">Entre os munic\u00edpios com maior volume de transa\u00e7\u00f5es, o ranking ficou assim:<\/span><\/p>\t\t\t\t\t\t\t\t<\/div>\n\t\t\t\t<\/div>\n\t\t\t\t\t<\/div>\n\t\t<\/div>\n\t\t\t\t\t<\/div>\n\t\t<\/section>\n\t\t\t\t<section class=\"elementor-section elementor-top-section elementor-element elementor-element-1813014 elementor-section-boxed elementor-section-height-default elementor-section-height-default wpr-particle-no wpr-jarallax-no wpr-parallax-no wpr-sticky-section-no wpr-column-slider-no wpr-equal-height-no\" data-id=\"1813014\" data-element_type=\"section\" data-e-type=\"section\">\n\t\t\t\t\t\t<div class=\"elementor-container elementor-column-gap-default\">\n\t\t\t\t\t<div class=\"elementor-column elementor-col-100 elementor-top-column elementor-element elementor-element-d745911\" data-id=\"d745911\" data-element_type=\"column\" data-e-type=\"column\">\n\t\t\t<div class=\"elementor-widget-wrap elementor-element-populated\">\n\t\t\t\t\t\t<div class=\"elementor-element elementor-element-623a99b elementor-widget elementor-widget-text-editor\" data-id=\"623a99b\" data-element_type=\"widget\" data-e-type=\"widget\" data-widget_type=\"text-editor.default\">\n\t\t\t\t<div class=\"elementor-widget-container\">\n\t\t\t\t\t\t\t\t\t<table><tbody><tr><td><p><span style=\"font-weight: 400\">Cap\u00e3o da Canoa\u00a0<\/span><\/p><\/td><td><p><span style=\"font-weight: 400\">R$ 1,094 bilh\u00e3o\u00a0<\/span><\/p><\/td><\/tr><tr><td><p><span style=\"font-weight: 400\">Xangri-L\u00e1\u00a0<\/span><\/p><\/td><td><p><span style=\"font-weight: 400\">R$ 939 milh\u00f5es\u00a0<\/span><\/p><\/td><\/tr><tr><td><p><span style=\"font-weight: 400\">Torres\u00a0<\/span><\/p><\/td><td><p><span style=\"font-weight: 400\">R$ 442,5 milh\u00f5es\u00a0<\/span><\/p><\/td><\/tr><tr><td><p><span style=\"font-weight: 400\">Tramanda\u00ed\u00a0<\/span><\/p><\/td><td><p><span style=\"font-weight: 400\">R$ 356,8 milh\u00f5es\u00a0<\/span><\/p><\/td><\/tr><tr><td><p><span style=\"font-weight: 400\">Imb\u00e9\u00a0<\/span><\/p><\/td><td><p><span style=\"font-weight: 400\">R$ 294,2 milh\u00f5es\u00a0<\/span><\/p><\/td><\/tr><tr><td><p><span style=\"font-weight: 400\">Os\u00f3rio\u00a0<\/span><\/p><\/td><td><p><span style=\"font-weight: 400\">R$ 168,2 milh\u00f5es\u00a0<\/span><\/p><\/td><\/tr><tr><td><p><span style=\"font-weight: 400\">Arroio do Sal\u00a0<\/span><\/p><\/td><td><p><span style=\"font-weight: 400\">R$ 163,8 milh\u00f5es\u00a0<\/span><\/p><\/td><\/tr><tr><td><p><span style=\"font-weight: 400\">Demais munic\u00edpios\u00a0<\/span><\/p><\/td><td><p><span style=\"font-weight: 400\">R$ 281,7 milh\u00f5es\u00a0<\/span><\/p><\/td><\/tr><\/tbody><\/table>\t\t\t\t\t\t\t\t<\/div>\n\t\t\t\t<\/div>\n\t\t\t\t<div class=\"elementor-element elementor-element-d49c302 elementor-widget elementor-widget-text-editor\" data-id=\"d49c302\" data-element_type=\"widget\" data-e-type=\"widget\" data-widget_type=\"text-editor.default\">\n\t\t\t\t<div class=\"elementor-widget-container\">\n\t\t\t\t\t\t\t\t\t<p><a href=\"https:\/\/www.nossacasa.com.br\/blog\/a-forca-do-mercado-imobiliario-de-torres-e-as-perspectivas-para-quem-quer-investir\/\"><span style=\"font-weight: 400\">O resultado chama aten\u00e7\u00e3o principalmente porque o mercado imobili\u00e1rio de Torres atende diferentes perfis de compradores<\/span><\/a><span style=\"font-weight: 400\">. A cidade atrai tanto quem busca uma resid\u00eancia para morar quanto pessoas interessadas em uma segunda casa, apartamento na praia ou im\u00f3vel para investimento.<\/span><\/p><p><span style=\"font-weight: 400\">Nesse cen\u00e1rio, Torres se destaca ao ocupar a <\/span><b>3\u00aa posi\u00e7\u00e3o<\/b><span style=\"font-weight: 400\">, com R$ 442,5 milh\u00f5es movimentados no primeiro semestre. O resultado refor\u00e7a a relev\u00e2ncia da cidade para quem acompanha o setor e procura oportunidades de compra, venda ou investimento em im\u00f3veis na regi\u00e3o.<\/span><\/p><p><span style=\"font-weight: 400\">Para o comprador, esses n\u00fameros tamb\u00e9m ajudam a colocar o mercado de Torres em perspectiva: a cidade n\u00e3o apenas possui um mercado local ativo, mas est\u00e1 entre os principais polos imobili\u00e1rios de todo o Litoral Norte ga\u00facho.<\/span><\/p>\t\t\t\t\t\t\t\t<\/div>\n\t\t\t\t<\/div>\n\t\t\t\t\t<\/div>\n\t\t<\/div>\n\t\t\t\t\t<\/div>\n\t\t<\/section>\n\t\t\t\t<section class=\"elementor-section elementor-top-section elementor-element elementor-element-e6d3f51 elementor-section-boxed elementor-section-height-default elementor-section-height-default wpr-particle-no wpr-jarallax-no wpr-parallax-no wpr-sticky-section-no wpr-column-slider-no wpr-equal-height-no\" data-id=\"e6d3f51\" data-element_type=\"section\" data-e-type=\"section\">\n\t\t\t\t\t\t<div class=\"elementor-container elementor-column-gap-default\">\n\t\t\t\t\t<div class=\"elementor-column elementor-col-100 elementor-top-column elementor-element elementor-element-7e5f277\" data-id=\"7e5f277\" data-element_type=\"column\" data-e-type=\"column\">\n\t\t\t<div class=\"elementor-widget-wrap elementor-element-populated\">\n\t\t\t\t\t\t<div class=\"elementor-element elementor-element-e16ff32 elementor-widget elementor-widget-image\" data-id=\"e16ff32\" data-element_type=\"widget\" data-e-type=\"widget\" data-widget_type=\"image.default\">\n\t\t\t\t<div class=\"elementor-widget-container\">\n\t\t\t\t\t\t\t\t\t\t\t\t\t\t\t<img fetchpriority=\"high\" decoding=\"async\" width=\"960\" height=\"540\" src=\"https:\/\/www.nossacasa.com.br\/blog\/wp-content\/uploads\/2026\/08\/Blognossacasa-2-1024x576.png\" class=\"attachment-large size-large wp-image-6471\" alt=\"Im\u00f3veis em Torres: mercado imobili\u00e1rio se destaca em 2026\" srcset=\"https:\/\/www.nossacasa.com.br\/blog\/wp-content\/uploads\/2026\/08\/Blognossacasa-2-1024x576.png 1024w, https:\/\/www.nossacasa.com.br\/blog\/wp-content\/uploads\/2026\/08\/Blognossacasa-2-300x169.png 300w, https:\/\/www.nossacasa.com.br\/blog\/wp-content\/uploads\/2026\/08\/Blognossacasa-2-768x432.png 768w, https:\/\/www.nossacasa.com.br\/blog\/wp-content\/uploads\/2026\/08\/Blognossacasa-2-1140x641.png 1140w, https:\/\/www.nossacasa.com.br\/blog\/wp-content\/uploads\/2026\/08\/Blognossacasa-2.png 1280w\" sizes=\"(max-width: 960px) 100vw, 960px\" \/>\t\t\t\t\t\t\t\t\t\t\t\t\t\t\t<\/div>\n\t\t\t\t<\/div>\n\t\t\t\t\t<\/div>\n\t\t<\/div>\n\t\t\t\t\t<\/div>\n\t\t<\/section>\n\t\t\t\t<section class=\"elementor-section elementor-top-section elementor-element elementor-element-fd47422 elementor-section-boxed elementor-section-height-default elementor-section-height-default wpr-particle-no wpr-jarallax-no wpr-parallax-no wpr-sticky-section-no wpr-column-slider-no wpr-equal-height-no\" data-id=\"fd47422\" data-element_type=\"section\" data-e-type=\"section\">\n\t\t\t\t\t\t<div class=\"elementor-container elementor-column-gap-default\">\n\t\t\t\t\t<div class=\"elementor-column elementor-col-100 elementor-top-column elementor-element elementor-element-fef0da6\" data-id=\"fef0da6\" data-element_type=\"column\" data-e-type=\"column\">\n\t\t\t<div class=\"elementor-widget-wrap elementor-element-populated\">\n\t\t\t\t\t\t<div class=\"elementor-element elementor-element-6efb629 elementor-widget elementor-widget-text-editor\" data-id=\"6efb629\" data-element_type=\"widget\" data-e-type=\"widget\" data-widget_type=\"text-editor.default\">\n\t\t\t\t<div class=\"elementor-widget-container\">\n\t\t\t\t\t\t\t\t\t<p><span style=\"font-weight: 400\">Torres re\u00fane caracter\u00edsticas que fazem da cidade um dos destinos mais procurados do litoral ga\u00facho.<\/span><\/p><p><span style=\"font-weight: 400\">A combina\u00e7\u00e3o de praias, natureza, infraestrutura, gastronomia, com\u00e9rcio e qualidade de vida faz com que o munic\u00edpio tenha uma demanda imobili\u00e1ria bastante diversificada.<\/span><\/p><p><span style=\"font-weight: 400\">Para algumas pessoas, comprar um im\u00f3vel em Torres significa ter um lugar para aproveitar f\u00e9rias, feriados e finais de semana. Para outras, representa uma mudan\u00e7a de estilo de vida e a possibilidade de morar pr\u00f3ximo ao mar.<\/span><\/p><p><span style=\"font-weight: 400\">Tamb\u00e9m existe o interesse de compradores que enxergam o im\u00f3vel como uma oportunidade de investimento, seja para loca\u00e7\u00e3o ou para forma\u00e7\u00e3o de patrim\u00f4nio.<\/span><\/p><p><span style=\"font-weight: 400\">Por isso, o mercado imobili\u00e1rio em Torres n\u00e3o depende de apenas um tipo de comprador.<\/span><\/p>\t\t\t\t\t\t\t\t<\/div>\n\t\t\t\t<\/div>\n\t\t\t\t\t<\/div>\n\t\t<\/div>\n\t\t\t\t\t<\/div>\n\t\t<\/section>\n\t\t\t\t<section class=\"elementor-section elementor-top-section elementor-element elementor-element-c58751c elementor-section-boxed elementor-section-height-default elementor-section-height-default wpr-particle-no wpr-jarallax-no wpr-parallax-no wpr-sticky-section-no wpr-column-slider-no wpr-equal-height-no\" data-id=\"c58751c\" data-element_type=\"section\" data-e-type=\"section\">\n\t\t\t\t\t\t<div class=\"elementor-container elementor-column-gap-default\">\n\t\t\t\t\t<div class=\"elementor-column elementor-col-100 elementor-top-column elementor-element elementor-element-aae8244\" data-id=\"aae8244\" data-element_type=\"column\" data-e-type=\"column\">\n\t\t\t<div class=\"elementor-widget-wrap elementor-element-populated\">\n\t\t\t\t\t\t<div class=\"elementor-element elementor-element-e231bbd elementor-widget elementor-widget-heading\" data-id=\"e231bbd\" data-element_type=\"widget\" data-e-type=\"widget\" data-widget_type=\"heading.default\">\n\t\t\t\t<div class=\"elementor-widget-container\">\n\t\t\t\t\t<h2 class=\"elementor-heading-title elementor-size-default\">Mercado imobili\u00e1rio em Torres movimenta compradores e investidores<\/h2>\t\t\t\t<\/div>\n\t\t\t\t<\/div>\n\t\t\t\t\t<\/div>\n\t\t<\/div>\n\t\t\t\t\t<\/div>\n\t\t<\/section>\n\t\t\t\t<section class=\"elementor-section elementor-top-section elementor-element elementor-element-3735278 elementor-section-boxed elementor-section-height-default elementor-section-height-default wpr-particle-no wpr-jarallax-no wpr-parallax-no wpr-sticky-section-no wpr-column-slider-no wpr-equal-height-no\" data-id=\"3735278\" data-element_type=\"section\" data-e-type=\"section\">\n\t\t\t\t\t\t<div class=\"elementor-container elementor-column-gap-default\">\n\t\t\t\t\t<div class=\"elementor-column elementor-col-100 elementor-top-column elementor-element elementor-element-62bc2de\" data-id=\"62bc2de\" data-element_type=\"column\" data-e-type=\"column\">\n\t\t\t<div class=\"elementor-widget-wrap elementor-element-populated\">\n\t\t\t\t\t\t<div class=\"elementor-element elementor-element-33f8dfd elementor-widget elementor-widget-text-editor\" data-id=\"33f8dfd\" data-element_type=\"widget\" data-e-type=\"widget\" data-widget_type=\"text-editor.default\">\n\t\t\t\t<div class=\"elementor-widget-container\">\n\t\t\t\t\t\t\t\t\t<p><span style=\"font-weight: 400\">O volume de negocia\u00e7\u00f5es registrado no primeiro semestre refor\u00e7a a relev\u00e2ncia de Torres dentro do mercado imobili\u00e1rio regional.<\/span><\/p><p><span style=\"font-weight: 400\">Para quem pretende comprar, por\u00e9m, um mercado aquecido n\u00e3o significa que qualquer im\u00f3vel seja uma boa oportunidade.<\/span><\/p><p><span style=\"font-weight: 400\">A escolha precisa considerar fatores como:<\/span><\/p><ul><li style=\"font-weight: 400\"><a href=\"https:\/\/www.nossacasa.com.br\/blog\/qual-o-melhor-bairro-de-torres-para-morar\/\"><span style=\"font-weight: 400\">localiza\u00e7\u00e3o<\/span><\/a><span style=\"font-weight: 400\">;<\/span><\/li><li style=\"font-weight: 400\"><span style=\"font-weight: 400\">pre\u00e7o e valor por metro quadrado;<\/span><\/li><li style=\"font-weight: 400\"><span style=\"font-weight: 400\">estado de conserva\u00e7\u00e3o;<\/span><\/li><li style=\"font-weight: 400\"><span style=\"font-weight: 400\">caracter\u00edsticas do empreendimento;<\/span><\/li><li style=\"font-weight: 400\"><span style=\"font-weight: 400\">despesas de condom\u00ednio;<\/span><\/li><li style=\"font-weight: 400\"><span style=\"font-weight: 400\">documenta\u00e7\u00e3o;<\/span><\/li><li style=\"font-weight: 400\"><span style=\"font-weight: 400\">facilidade de revenda;<\/span><\/li><li style=\"font-weight: 400\"><span style=\"font-weight: 400\">potencial de loca\u00e7\u00e3o;<\/span><\/li><li style=\"font-weight: 400\"><span style=\"font-weight: 400\">objetivo do comprador.<\/span><\/li><\/ul><p><span style=\"font-weight: 400\">Um <\/span><a href=\"https:\/\/www.nossacasa.com.br\/blog\/imoveis-prontos-em-torres-conheca-4-oportunidades-exclusivas\/\"><span style=\"font-weight: 400\">apartamento pr\u00f3ximo \u00e0 praia<\/span><\/a><span style=\"font-weight: 400\">, por exemplo, pode ter caracter\u00edsticas completamente diferentes de um im\u00f3vel localizado em uma regi\u00e3o mais residencial. Da mesma forma, o im\u00f3vel ideal para morar pode n\u00e3o ser necessariamente a melhor op\u00e7\u00e3o para quem pretende investir.<\/span><\/p><p><span style=\"font-weight: 400\">Por isso, entender o mercado local \u00e9 fundamental antes de tomar uma decis\u00e3o.<\/span><\/p>\t\t\t\t\t\t\t\t<\/div>\n\t\t\t\t<\/div>\n\t\t\t\t\t<\/div>\n\t\t<\/div>\n\t\t\t\t\t<\/div>\n\t\t<\/section>\n\t\t\t\t<section class=\"elementor-section elementor-top-section elementor-element elementor-element-c91e681 elementor-section-boxed elementor-section-height-default elementor-section-height-default wpr-particle-no wpr-jarallax-no wpr-parallax-no wpr-sticky-section-no wpr-column-slider-no wpr-equal-height-no\" data-id=\"c91e681\" data-element_type=\"section\" data-e-type=\"section\">\n\t\t\t\t\t\t<div class=\"elementor-container elementor-column-gap-default\">\n\t\t\t\t\t<div class=\"elementor-column elementor-col-100 elementor-top-column elementor-element elementor-element-fceb781\" data-id=\"fceb781\" data-element_type=\"column\" data-e-type=\"column\">\n\t\t\t<div class=\"elementor-widget-wrap elementor-element-populated\">\n\t\t\t\t\t\t<div class=\"elementor-element elementor-element-3b36184 elementor-widget elementor-widget-image\" data-id=\"3b36184\" data-element_type=\"widget\" data-e-type=\"widget\" data-widget_type=\"image.default\">\n\t\t\t\t<div class=\"elementor-widget-container\">\n\t\t\t\t\t\t\t\t\t\t\t\t\t\t\t<img decoding=\"async\" width=\"960\" height=\"540\" src=\"https:\/\/www.nossacasa.com.br\/blog\/wp-content\/uploads\/2026\/08\/Blognossacasa-3-1024x576.png\" class=\"attachment-large size-large wp-image-6473\" alt=\"vale a pena comprar um im\u00f3vel em Torres\" srcset=\"https:\/\/www.nossacasa.com.br\/blog\/wp-content\/uploads\/2026\/08\/Blognossacasa-3-1024x576.png 1024w, https:\/\/www.nossacasa.com.br\/blog\/wp-content\/uploads\/2026\/08\/Blognossacasa-3-300x169.png 300w, https:\/\/www.nossacasa.com.br\/blog\/wp-content\/uploads\/2026\/08\/Blognossacasa-3-768x432.png 768w, https:\/\/www.nossacasa.com.br\/blog\/wp-content\/uploads\/2026\/08\/Blognossacasa-3-1140x641.png 1140w, https:\/\/www.nossacasa.com.br\/blog\/wp-content\/uploads\/2026\/08\/Blognossacasa-3.png 1280w\" sizes=\"(max-width: 960px) 100vw, 960px\" \/>\t\t\t\t\t\t\t\t\t\t\t\t\t\t\t<\/div>\n\t\t\t\t<\/div>\n\t\t\t\t\t<\/div>\n\t\t<\/div>\n\t\t\t\t\t<\/div>\n\t\t<\/section>\n\t\t\t\t<section class=\"elementor-section elementor-top-section elementor-element elementor-element-be094e7 elementor-section-boxed elementor-section-height-default elementor-section-height-default wpr-particle-no wpr-jarallax-no wpr-parallax-no wpr-sticky-section-no wpr-column-slider-no wpr-equal-height-no\" data-id=\"be094e7\" data-element_type=\"section\" data-e-type=\"section\">\n\t\t\t\t\t\t<div class=\"elementor-container elementor-column-gap-default\">\n\t\t\t\t\t<div class=\"elementor-column elementor-col-100 elementor-top-column elementor-element elementor-element-80fac5d\" data-id=\"80fac5d\" data-element_type=\"column\" data-e-type=\"column\">\n\t\t\t<div class=\"elementor-widget-wrap elementor-element-populated\">\n\t\t\t\t\t\t<div class=\"elementor-element elementor-element-eb430e7 elementor-widget elementor-widget-text-editor\" data-id=\"eb430e7\" data-element_type=\"widget\" data-e-type=\"widget\" data-widget_type=\"text-editor.default\">\n\t\t\t\t<div class=\"elementor-widget-container\">\n\t\t\t\t\t\t\t\t\t<p><span style=\"font-weight: 400\">Os n\u00fameros mostram que Torres possui um mercado imobili\u00e1rio ativo e relevante no Litoral Norte.<\/span><\/p><p><span style=\"font-weight: 400\">Al\u00e9m disso, a cidade continua despertando interesse de pessoas que procuram qualidade de vida, proximidade com a praia e oportunidades de investimento.<\/span><\/p><p><span style=\"font-weight: 400\">Mas a resposta para quem pergunta se <\/span><a href=\"https:\/\/www.nossacasa.com.br\/blog\/guia-para-comprar-imovel-no-litoral-gaucho\/\"><b>vale a pena comprar um im\u00f3vel em Torres<\/b><\/a><span style=\"font-weight: 400\"> depende principalmente do objetivo da compra.<\/span><\/p><p><span style=\"font-weight: 400\">Quem procura um im\u00f3vel para morar deve priorizar localiza\u00e7\u00e3o, infraestrutura e praticidade para o dia a dia.<\/span><\/p><p><span style=\"font-weight: 400\">J\u00e1 quem pretende utilizar o im\u00f3vel durante f\u00e9rias e temporadas pode considerar principalmente proximidade da praia, n\u00famero de dormit\u00f3rios, garagem e estrutura do condom\u00ednio.<\/span><\/p><p><span style=\"font-weight: 400\">Para investidores, fatores como localiza\u00e7\u00e3o, demanda por loca\u00e7\u00e3o, custos de manuten\u00e7\u00e3o e potencial de valoriza\u00e7\u00e3o tamb\u00e9m precisam entrar na an\u00e1lise.<\/span><\/p><p><span style=\"font-weight: 400\">Ou seja: mais importante do que simplesmente comprar um im\u00f3vel em uma cidade valorizada \u00e9 <\/span><b>encontrar o im\u00f3vel certo para o seu objetivo<\/b><span style=\"font-weight: 400\">.<\/span><\/p>\t\t\t\t\t\t\t\t<\/div>\n\t\t\t\t<\/div>\n\t\t\t\t\t<\/div>\n\t\t<\/div>\n\t\t\t\t\t<\/div>\n\t\t<\/section>\n\t\t\t\t<section class=\"elementor-section elementor-top-section elementor-element elementor-element-a9d3523 elementor-section-boxed elementor-section-height-default elementor-section-height-default wpr-particle-no wpr-jarallax-no wpr-parallax-no wpr-sticky-section-no wpr-column-slider-no wpr-equal-height-no\" data-id=\"a9d3523\" data-element_type=\"section\" data-e-type=\"section\">\n\t\t\t\t\t\t<div class=\"elementor-container elementor-column-gap-default\">\n\t\t\t\t\t<div class=\"elementor-column elementor-col-100 elementor-top-column elementor-element elementor-element-34cc36b\" data-id=\"34cc36b\" data-element_type=\"column\" data-e-type=\"column\">\n\t\t\t<div class=\"elementor-widget-wrap elementor-element-populated\">\n\t\t\t\t\t\t<div class=\"elementor-element elementor-element-1675c64 elementor-widget elementor-widget-heading\" data-id=\"1675c64\" data-element_type=\"widget\" data-e-type=\"widget\" data-widget_type=\"heading.default\">\n\t\t\t\t<div class=\"elementor-widget-container\">\n\t\t\t\t\t<h2 class=\"elementor-heading-title elementor-size-default\">O que os n\u00fameros significam para quem quer vender?\n<\/h2>\t\t\t\t<\/div>\n\t\t\t\t<\/div>\n\t\t\t\t\t<\/div>\n\t\t<\/div>\n\t\t\t\t\t<\/div>\n\t\t<\/section>\n\t\t\t\t<section class=\"elementor-section elementor-top-section elementor-element elementor-element-fc1e2de elementor-section-boxed elementor-section-height-default elementor-section-height-default wpr-particle-no wpr-jarallax-no wpr-parallax-no wpr-sticky-section-no wpr-column-slider-no wpr-equal-height-no\" data-id=\"fc1e2de\" data-element_type=\"section\" data-e-type=\"section\">\n\t\t\t\t\t\t<div class=\"elementor-container elementor-column-gap-default\">\n\t\t\t\t\t<div class=\"elementor-column elementor-col-100 elementor-top-column elementor-element elementor-element-31b4a4e\" data-id=\"31b4a4e\" data-element_type=\"column\" data-e-type=\"column\">\n\t\t\t<div class=\"elementor-widget-wrap elementor-element-populated\">\n\t\t\t\t\t\t<div class=\"elementor-element elementor-element-37d456a elementor-widget elementor-widget-text-editor\" data-id=\"37d456a\" data-element_type=\"widget\" data-e-type=\"widget\" data-widget_type=\"text-editor.default\">\n\t\t\t\t<div class=\"elementor-widget-container\">\n\t\t\t\t\t\t\t\t\t<p><span style=\"font-weight: 400\">O bom desempenho do setor tamb\u00e9m \u00e9 relevante para propriet\u00e1rios que pensam em vender.<\/span><\/p><p><span style=\"font-weight: 400\">Com centenas de milh\u00f5es de reais movimentados em negocia\u00e7\u00f5es no primeiro semestre, Torres demonstra ter uma demanda significativa por im\u00f3veis.<\/span><\/p><p><span style=\"font-weight: 400\">Isso n\u00e3o significa, por\u00e9m, que qualquer propriedade ser\u00e1 vendida rapidamente.<\/span><\/p><p><span style=\"font-weight: 400\">A precifica\u00e7\u00e3o continua sendo um dos principais fatores para uma negocia\u00e7\u00e3o bem-sucedida. Um im\u00f3vel anunciado muito acima dos valores praticados por propriedades semelhantes pode permanecer mais tempo no mercado.<\/span><\/p><p><span style=\"font-weight: 400\">Por isso, uma avalia\u00e7\u00e3o adequada, considerando localiza\u00e7\u00e3o, caracter\u00edsticas do im\u00f3vel e cen\u00e1rio atual de oferta e procura, pode fazer diferen\u00e7a.<\/span><\/p>\t\t\t\t\t\t\t\t<\/div>\n\t\t\t\t<\/div>\n\t\t\t\t<div class=\"elementor-element elementor-element-8d4dec0 elementor-widget elementor-widget-image\" data-id=\"8d4dec0\" data-element_type=\"widget\" data-e-type=\"widget\" data-widget_type=\"image.default\">\n\t\t\t\t<div class=\"elementor-widget-container\">\n\t\t\t\t\t\t\t\t\t\t\t\t\t\t\t<img decoding=\"async\" width=\"960\" height=\"263\" src=\"https:\/\/www.nossacasa.com.br\/blog\/wp-content\/uploads\/2026\/08\/Blognossacasa-1280-x-350-px-2-1024x280.png\" class=\"attachment-large size-large wp-image-6474\" alt=\"Encontre im\u00f3veis em Torres com quem conhece o mercado local\" srcset=\"https:\/\/www.nossacasa.com.br\/blog\/wp-content\/uploads\/2026\/08\/Blognossacasa-1280-x-350-px-2-1024x280.png 1024w, https:\/\/www.nossacasa.com.br\/blog\/wp-content\/uploads\/2026\/08\/Blognossacasa-1280-x-350-px-2-300x82.png 300w, https:\/\/www.nossacasa.com.br\/blog\/wp-content\/uploads\/2026\/08\/Blognossacasa-1280-x-350-px-2-768x210.png 768w, https:\/\/www.nossacasa.com.br\/blog\/wp-content\/uploads\/2026\/08\/Blognossacasa-1280-x-350-px-2-1140x312.png 1140w, https:\/\/www.nossacasa.com.br\/blog\/wp-content\/uploads\/2026\/08\/Blognossacasa-1280-x-350-px-2.png 1280w\" sizes=\"(max-width: 960px) 100vw, 960px\" \/>\t\t\t\t\t\t\t\t\t\t\t\t\t\t\t<\/div>\n\t\t\t\t<\/div>\n\t\t\t\t\t<\/div>\n\t\t<\/div>\n\t\t\t\t\t<\/div>\n\t\t<\/section>\n\t\t\t\t<section class=\"elementor-section elementor-top-section elementor-element elementor-element-c012583 elementor-section-boxed elementor-section-height-default elementor-section-height-default wpr-particle-no wpr-jarallax-no wpr-parallax-no wpr-sticky-section-no wpr-column-slider-no wpr-equal-height-no\" data-id=\"c012583\" data-element_type=\"section\" data-e-type=\"section\">\n\t\t\t\t\t\t<div class=\"elementor-container elementor-column-gap-default\">\n\t\t\t\t\t<div class=\"elementor-column elementor-col-100 elementor-top-column elementor-element elementor-element-fddce2e\" data-id=\"fddce2e\" data-element_type=\"column\" data-e-type=\"column\">\n\t\t\t<div class=\"elementor-widget-wrap elementor-element-populated\">\n\t\t\t\t\t\t<div class=\"elementor-element elementor-element-11d4f4b elementor-widget elementor-widget-heading\" data-id=\"11d4f4b\" data-element_type=\"widget\" data-e-type=\"widget\" data-widget_type=\"heading.default\">\n\t\t\t\t<div class=\"elementor-widget-container\">\n\t\t\t\t\t<h2 class=\"elementor-heading-title elementor-size-default\">Encontre im\u00f3veis em Torres com quem conhece o mercado local<\/h2>\t\t\t\t<\/div>\n\t\t\t\t<\/div>\n\t\t\t\t\t<\/div>\n\t\t<\/div>\n\t\t\t\t\t<\/div>\n\t\t<\/section>\n\t\t\t\t<section class=\"elementor-section elementor-top-section elementor-element elementor-element-7543fe3 elementor-section-boxed elementor-section-height-default elementor-section-height-default wpr-particle-no wpr-jarallax-no wpr-parallax-no wpr-sticky-section-no wpr-column-slider-no wpr-equal-height-no\" data-id=\"7543fe3\" data-element_type=\"section\" data-e-type=\"section\">\n\t\t\t\t\t\t<div class=\"elementor-container elementor-column-gap-default\">\n\t\t\t\t\t<div class=\"elementor-column elementor-col-100 elementor-top-column elementor-element elementor-element-3d0de18\" data-id=\"3d0de18\" data-element_type=\"column\" data-e-type=\"column\">\n\t\t\t<div class=\"elementor-widget-wrap elementor-element-populated\">\n\t\t\t\t\t\t<div class=\"elementor-element elementor-element-566d3f6 elementor-widget elementor-widget-text-editor\" data-id=\"566d3f6\" data-element_type=\"widget\" data-e-type=\"widget\" data-widget_type=\"text-editor.default\">\n\t\t\t\t<div class=\"elementor-widget-container\">\n\t\t\t\t\t\t\t\t\t<p><span style=\"font-weight: 400\">Os dados do primeiro semestre de 2026 refor\u00e7am a import\u00e2ncia de Torres no mercado imobili\u00e1rio do Litoral Norte.<\/span><\/p><p><span style=\"font-weight: 400\">Para quem est\u00e1 procurando <\/span><b>im\u00f3veis em Torres<\/b><span style=\"font-weight: 400\">, seja para morar, aproveitar a praia ou investir, conhecer as caracter\u00edsticas de cada propriedade e entender o mercado local s\u00e3o passos importantes para fazer uma boa escolha.<\/span><\/p><p><span style=\"font-weight: 400\">A <\/span><b>Nossa Casa Im\u00f3veis<\/b><span style=\"font-weight: 400\"> acompanha o mercado imobili\u00e1rio de Torres e pode ajudar voc\u00ea a encontrar um im\u00f3vel de acordo com seu perfil, suas necessidades e seu or\u00e7amento.<\/span><\/p><p><b>Est\u00e1 procurando um im\u00f3vel em Torres?<\/b><\/p><p><a href=\"https:\/\/www.nossacasa.com.br\/\"><span style=\"font-weight: 400\">Fale com a Nossa Casa Im\u00f3veis<\/span><\/a><span style=\"font-weight: 400\"> e encontre op\u00e7\u00f5es que combinam com o seu objetivo.<\/span><\/p><p><br \/><br \/><\/p>\t\t\t\t\t\t\t\t<\/div>\n\t\t\t\t<\/div>\n\t\t\t\t\t<\/div>\n\t\t<\/div>\n\t\t\t\t\t<\/div>\n\t\t<\/section>\n\t\t\t\t<\/div>\n\t\t","protected":false},"excerpt":{"rendered":"<p>Torres se consolida como um dos principais mercados imobili\u00e1rios do Litoral Norte ga\u00facho. No primeiro semestre de 2026, a cidade movimentou R$ 442,5 milh\u00f5es em negocia\u00e7\u00f5es de im\u00f3veis, ocupando a 3\u00aa posi\u00e7\u00e3o regional, atr\u00e1s de Cap\u00e3o da Canoa e Xangri-L\u00e1. O resultado refor\u00e7a a relev\u00e2ncia de Torres para quem busca comprar, vender ou investir. Com praias, infraestrutura, qualidade de vida e demanda diversificada, a cidade atrai moradores, turistas e investidores. Para escolher um bom im\u00f3vel, \u00e9 fundamental analisar localiza\u00e7\u00e3o, pre\u00e7o, potencial de valoriza\u00e7\u00e3o, liquidez, custos e objetivo da compra.<\/p>\n","protected":false},"author":7,"featured_media":6501,"comment_status":"open","ping_status":"open","sticky":false,"template":"","format":"standard","meta":{"_exactmetrics_skip_tracking":false,"_exactmetrics_sitenote_active":false,"_exactmetrics_sitenote_note":"","_exactmetrics_sitenote_category":0,"footnotes":""},"categories":[6,4,7,8],"tags":[112,122,81,99,156,139,93,9],"class_list":["post-6468","post","type-post","status-publish","format-standard","has-post-thumbnail","hentry","category-nossa-casa","category-torres","category-turismo","category-utilidades","tag-apartamento-em-torres","tag-casa-na-praia","tag-imoveis","tag-imoveis-em-torres","tag-morar-na-praia","tag-nossa-casa-imoveis","tag-praia","tag-torres"],"yoast_head":"<!-- This site is optimized with the Yoast SEO plugin v27.9 - https:\/\/yoast.com\/product\/yoast-seo-wordpress\/ -->\n<title>Im\u00f3veis em Torres: mercado imobili\u00e1rio se destaca em 2026<\/title>\n<meta name=\"description\" content=\"Torres ocupa a 3\u00aa posi\u00e7\u00e3o no volume de negocia\u00e7\u00f5es de im\u00f3veis no Litoral Norte. Veja o que os n\u00fameros revelam sobre o mercado imobili\u00e1rio em Torres.\" \/>\n<meta name=\"robots\" content=\"index, follow, max-snippet:-1, max-image-preview:large, max-video-preview:-1\" \/>\n<link rel=\"canonical\" href=\"https:\/\/www.nossacasa.com.br\/blog\/imoveis-em-torres-cidade-ocupa-3o-lugar-no-volume-de-negociacoes-do-litoral-norte\/\" \/>\n<meta property=\"og:locale\" content=\"pt_BR\" \/>\n<meta property=\"og:type\" content=\"article\" \/>\n<meta property=\"og:title\" content=\"Im\u00f3veis em Torres: mercado imobili\u00e1rio se destaca em 2026\" \/>\n<meta property=\"og:description\" content=\"Torres ocupa a 3\u00aa posi\u00e7\u00e3o no volume de negocia\u00e7\u00f5es de im\u00f3veis no Litoral Norte. Veja o que os n\u00fameros revelam sobre o mercado imobili\u00e1rio em Torres.\" \/>\n<meta property=\"og:url\" content=\"https:\/\/www.nossacasa.com.br\/blog\/imoveis-em-torres-cidade-ocupa-3o-lugar-no-volume-de-negociacoes-do-litoral-norte\/\" \/>\n<meta property=\"og:site_name\" content=\"Blog Nossa Casa Im\u00f3veis\" \/>\n<meta property=\"article:publisher\" content=\"https:\/\/www.facebook.com\/nossacasaimoveis\" \/>\n<meta property=\"article:published_time\" content=\"2026-08-23T20:28:21+00:00\" \/>\n<meta property=\"article:modified_time\" content=\"2026-08-23T21:19:18+00:00\" \/>\n<meta property=\"og:image\" content=\"https:\/\/www.nossacasa.com.br\/blog\/wp-content\/uploads\/2026\/08\/Blognossacasa-9.png\" \/>\n\t<meta property=\"og:image:width\" content=\"1280\" \/>\n\t<meta property=\"og:image:height\" content=\"720\" \/>\n\t<meta property=\"og:image:type\" content=\"image\/png\" \/>\n<meta name=\"author\" content=\"Marketing NC\" \/>\n<meta name=\"twitter:card\" content=\"summary_large_image\" \/>\n<meta name=\"twitter:label1\" content=\"Escrito por\" \/>\n\t<meta name=\"twitter:data1\" content=\"Marketing NC\" \/>\n\t<meta name=\"twitter:label2\" content=\"Est. tempo de leitura\" \/>\n\t<meta name=\"twitter:data2\" content=\"6 minutos\" \/>\n<script type=\"application\/ld+json\" class=\"yoast-schema-graph\">{\"@context\":\"https:\\\/\\\/schema.org\",\"@graph\":[{\"@type\":\"Article\",\"@id\":\"https:\\\/\\\/www.nossacasa.com.br\\\/blog\\\/imoveis-em-torres-cidade-ocupa-3o-lugar-no-volume-de-negociacoes-do-litoral-norte\\\/#article\",\"isPartOf\":{\"@id\":\"https:\\\/\\\/www.nossacasa.com.br\\\/blog\\\/imoveis-em-torres-cidade-ocupa-3o-lugar-no-volume-de-negociacoes-do-litoral-norte\\\/\"},\"author\":{\"name\":\"Marketing NC\",\"@id\":\"https:\\\/\\\/www.nossacasa.com.br\\\/blog\\\/#\\\/schema\\\/person\\\/ea571683a7b985e516eccc9dba12afb8\"},\"headline\":\"Im\u00f3veis em Torres: cidade ocupa 3\u00ba lugar no volume de negocia\u00e7\u00f5es do Litoral Norte\",\"datePublished\":\"2026-08-23T20:28:21+00:00\",\"dateModified\":\"2026-08-23T21:19:18+00:00\",\"mainEntityOfPage\":{\"@id\":\"https:\\\/\\\/www.nossacasa.com.br\\\/blog\\\/imoveis-em-torres-cidade-ocupa-3o-lugar-no-volume-de-negociacoes-do-litoral-norte\\\/\"},\"wordCount\":1050,\"commentCount\":0,\"publisher\":{\"@id\":\"https:\\\/\\\/www.nossacasa.com.br\\\/blog\\\/#organization\"},\"image\":{\"@id\":\"https:\\\/\\\/www.nossacasa.com.br\\\/blog\\\/imoveis-em-torres-cidade-ocupa-3o-lugar-no-volume-de-negociacoes-do-litoral-norte\\\/#primaryimage\"},\"thumbnailUrl\":\"https:\\\/\\\/www.nossacasa.com.br\\\/blog\\\/wp-content\\\/uploads\\\/2026\\\/08\\\/Blognossacasa-9.png\",\"keywords\":[\"apartamento em torres\",\"Casa na praia\",\"im\u00f3veis\",\"im\u00f3veis em torres\",\"Morar na praia\",\"Nossa Casa Im\u00f3veis\",\"praia\",\"torres\"],\"articleSection\":[\"NOSSA CASA\",\"TORRES\",\"TURISMO\",\"UTILIDADES\"],\"inLanguage\":\"pt-BR\",\"potentialAction\":[{\"@type\":\"CommentAction\",\"name\":\"Comment\",\"target\":[\"https:\\\/\\\/www.nossacasa.com.br\\\/blog\\\/imoveis-em-torres-cidade-ocupa-3o-lugar-no-volume-de-negociacoes-do-litoral-norte\\\/#respond\"]}]},{\"@type\":\"WebPage\",\"@id\":\"https:\\\/\\\/www.nossacasa.com.br\\\/blog\\\/imoveis-em-torres-cidade-ocupa-3o-lugar-no-volume-de-negociacoes-do-litoral-norte\\\/\",\"url\":\"https:\\\/\\\/www.nossacasa.com.br\\\/blog\\\/imoveis-em-torres-cidade-ocupa-3o-lugar-no-volume-de-negociacoes-do-litoral-norte\\\/\",\"name\":\"Im\u00f3veis em Torres: mercado imobili\u00e1rio se destaca em 2026\",\"isPartOf\":{\"@id\":\"https:\\\/\\\/www.nossacasa.com.br\\\/blog\\\/#website\"},\"primaryImageOfPage\":{\"@id\":\"https:\\\/\\\/www.nossacasa.com.br\\\/blog\\\/imoveis-em-torres-cidade-ocupa-3o-lugar-no-volume-de-negociacoes-do-litoral-norte\\\/#primaryimage\"},\"image\":{\"@id\":\"https:\\\/\\\/www.nossacasa.com.br\\\/blog\\\/imoveis-em-torres-cidade-ocupa-3o-lugar-no-volume-de-negociacoes-do-litoral-norte\\\/#primaryimage\"},\"thumbnailUrl\":\"https:\\\/\\\/www.nossacasa.com.br\\\/blog\\\/wp-content\\\/uploads\\\/2026\\\/08\\\/Blognossacasa-9.png\",\"datePublished\":\"2026-08-23T20:28:21+00:00\",\"dateModified\":\"2026-08-23T21:19:18+00:00\",\"description\":\"Torres ocupa a 3\u00aa posi\u00e7\u00e3o no volume de negocia\u00e7\u00f5es de im\u00f3veis no Litoral Norte. Veja o que os n\u00fameros revelam sobre o mercado imobili\u00e1rio em Torres.\",\"breadcrumb\":{\"@id\":\"https:\\\/\\\/www.nossacasa.com.br\\\/blog\\\/imoveis-em-torres-cidade-ocupa-3o-lugar-no-volume-de-negociacoes-do-litoral-norte\\\/#breadcrumb\"},\"inLanguage\":\"pt-BR\",\"potentialAction\":[{\"@type\":\"ReadAction\",\"target\":[\"https:\\\/\\\/www.nossacasa.com.br\\\/blog\\\/imoveis-em-torres-cidade-ocupa-3o-lugar-no-volume-de-negociacoes-do-litoral-norte\\\/\"]}]},{\"@type\":\"ImageObject\",\"inLanguage\":\"pt-BR\",\"@id\":\"https:\\\/\\\/www.nossacasa.com.br\\\/blog\\\/imoveis-em-torres-cidade-ocupa-3o-lugar-no-volume-de-negociacoes-do-litoral-norte\\\/#primaryimage\",\"url\":\"https:\\\/\\\/www.nossacasa.com.br\\\/blog\\\/wp-content\\\/uploads\\\/2026\\\/08\\\/Blognossacasa-9.png\",\"contentUrl\":\"https:\\\/\\\/www.nossacasa.com.br\\\/blog\\\/wp-content\\\/uploads\\\/2026\\\/08\\\/Blognossacasa-9.png\",\"width\":1280,\"height\":720,\"caption\":\"Im\u00f3veis em Torres: cidade ocupa 3\u00ba lugar no volume de negocia\u00e7\u00f5es do Litoral Norte\"},{\"@type\":\"BreadcrumbList\",\"@id\":\"https:\\\/\\\/www.nossacasa.com.br\\\/blog\\\/imoveis-em-torres-cidade-ocupa-3o-lugar-no-volume-de-negociacoes-do-litoral-norte\\\/#breadcrumb\",\"itemListElement\":[{\"@type\":\"ListItem\",\"position\":1,\"name\":\"In\u00edcio\",\"item\":\"https:\\\/\\\/www.nossacasa.com.br\\\/blog\\\/\"},{\"@type\":\"ListItem\",\"position\":2,\"name\":\"Im\u00f3veis em Torres: cidade ocupa 3\u00ba lugar no volume de negocia\u00e7\u00f5es do Litoral Norte\"}]},{\"@type\":\"WebSite\",\"@id\":\"https:\\\/\\\/www.nossacasa.com.br\\\/blog\\\/#website\",\"url\":\"https:\\\/\\\/www.nossacasa.com.br\\\/blog\\\/\",\"name\":\"Blog Nossa Casa Im\u00f3veis\",\"description\":\"Conte\u00fados sobre mercado imobili\u00e1rio, investimentos, compra e venda de im\u00f3veis em Torres\\\/RS, al\u00e9m de dicas para quem busca qualidade de vida no litoral.\",\"publisher\":{\"@id\":\"https:\\\/\\\/www.nossacasa.com.br\\\/blog\\\/#organization\"},\"alternateName\":\"Blog NC\",\"potentialAction\":[{\"@type\":\"SearchAction\",\"target\":{\"@type\":\"EntryPoint\",\"urlTemplate\":\"https:\\\/\\\/www.nossacasa.com.br\\\/blog\\\/?s={search_term_string}\"},\"query-input\":{\"@type\":\"PropertyValueSpecification\",\"valueRequired\":true,\"valueName\":\"search_term_string\"}}],\"inLanguage\":\"pt-BR\"},{\"@type\":\"Organization\",\"@id\":\"https:\\\/\\\/www.nossacasa.com.br\\\/blog\\\/#organization\",\"name\":\"Nossa Casa Im\u00f3veis\",\"alternateName\":\"NC Im\u00f3veis\",\"url\":\"https:\\\/\\\/www.nossacasa.com.br\\\/blog\\\/\",\"logo\":{\"@type\":\"ImageObject\",\"inLanguage\":\"pt-BR\",\"@id\":\"https:\\\/\\\/www.nossacasa.com.br\\\/blog\\\/#\\\/schema\\\/logo\\\/image\\\/\",\"url\":\"https:\\\/\\\/www.nossacasa.com.br\\\/blog\\\/wp-content\\\/uploads\\\/2026\\\/06\\\/Artboard-10.png\",\"contentUrl\":\"https:\\\/\\\/www.nossacasa.com.br\\\/blog\\\/wp-content\\\/uploads\\\/2026\\\/06\\\/Artboard-10.png\",\"width\":461,\"height\":399,\"caption\":\"Nossa Casa Im\u00f3veis\"},\"image\":{\"@id\":\"https:\\\/\\\/www.nossacasa.com.br\\\/blog\\\/#\\\/schema\\\/logo\\\/image\\\/\"},\"sameAs\":[\"https:\\\/\\\/www.facebook.com\\\/nossacasaimoveis\",\"https:\\\/\\\/www.instagram.com\\\/nossacasaimoveis\\\/\"]},{\"@type\":\"Person\",\"@id\":\"https:\\\/\\\/www.nossacasa.com.br\\\/blog\\\/#\\\/schema\\\/person\\\/ea571683a7b985e516eccc9dba12afb8\",\"name\":\"Marketing NC\",\"image\":{\"@type\":\"ImageObject\",\"inLanguage\":\"pt-BR\",\"@id\":\"https:\\\/\\\/secure.gravatar.com\\\/avatar\\\/4a798040cc5e1b147a7e6e11b28077953b9dd5be83fa90904bcca836b25f13c8?s=96&d=mm&r=g\",\"url\":\"https:\\\/\\\/secure.gravatar.com\\\/avatar\\\/4a798040cc5e1b147a7e6e11b28077953b9dd5be83fa90904bcca836b25f13c8?s=96&d=mm&r=g\",\"contentUrl\":\"https:\\\/\\\/secure.gravatar.com\\\/avatar\\\/4a798040cc5e1b147a7e6e11b28077953b9dd5be83fa90904bcca836b25f13c8?s=96&d=mm&r=g\",\"caption\":\"Marketing NC\"},\"sameAs\":[\"http:\\\/\\\/nossacasa.com.br\"],\"url\":\"https:\\\/\\\/www.nossacasa.com.br\\\/blog\\\/author\\\/nossacasaimoveis\\\/\"}]}<\/script>\n<!-- \/ Yoast SEO plugin. -->","yoast_head_json":{"title":"Im\u00f3veis em Torres: mercado imobili\u00e1rio se destaca em 2026","description":"Torres ocupa a 3\u00aa posi\u00e7\u00e3o no volume de negocia\u00e7\u00f5es de im\u00f3veis no Litoral Norte. Veja o que os n\u00fameros revelam sobre o mercado imobili\u00e1rio em Torres.","robots":{"index":"index","follow":"follow","max-snippet":"max-snippet:-1","max-image-preview":"max-image-preview:large","max-video-preview":"max-video-preview:-1"},"canonical":"https:\/\/www.nossacasa.com.br\/blog\/imoveis-em-torres-cidade-ocupa-3o-lugar-no-volume-de-negociacoes-do-litoral-norte\/","og_locale":"pt_BR","og_type":"article","og_title":"Im\u00f3veis em Torres: mercado imobili\u00e1rio se destaca em 2026","og_description":"Torres ocupa a 3\u00aa posi\u00e7\u00e3o no volume de negocia\u00e7\u00f5es de im\u00f3veis no Litoral Norte. Veja o que os n\u00fameros revelam sobre o mercado imobili\u00e1rio em Torres.","og_url":"https:\/\/www.nossacasa.com.br\/blog\/imoveis-em-torres-cidade-ocupa-3o-lugar-no-volume-de-negociacoes-do-litoral-norte\/","og_site_name":"Blog Nossa Casa Im\u00f3veis","article_publisher":"https:\/\/www.facebook.com\/nossacasaimoveis","article_published_time":"2026-08-23T20:28:21+00:00","article_modified_time":"2026-08-23T21:19:18+00:00","og_image":[{"width":1280,"height":720,"url":"https:\/\/www.nossacasa.com.br\/blog\/wp-content\/uploads\/2026\/08\/Blognossacasa-9.png","type":"image\/png"}],"author":"Marketing NC","twitter_card":"summary_large_image","twitter_misc":{"Escrito por":"Marketing NC","Est. tempo de leitura":"6 minutos"},"schema":{"@context":"https:\/\/schema.org","@graph":[{"@type":"Article","@id":"https:\/\/www.nossacasa.com.br\/blog\/imoveis-em-torres-cidade-ocupa-3o-lugar-no-volume-de-negociacoes-do-litoral-norte\/#article","isPartOf":{"@id":"https:\/\/www.nossacasa.com.br\/blog\/imoveis-em-torres-cidade-ocupa-3o-lugar-no-volume-de-negociacoes-do-litoral-norte\/"},"author":{"name":"Marketing NC","@id":"https:\/\/www.nossacasa.com.br\/blog\/#\/schema\/person\/ea571683a7b985e516eccc9dba12afb8"},"headline":"Im\u00f3veis em Torres: cidade ocupa 3\u00ba lugar no volume de negocia\u00e7\u00f5es do Litoral Norte","datePublished":"2026-08-23T20:28:21+00:00","dateModified":"2026-08-23T21:19:18+00:00","mainEntityOfPage":{"@id":"https:\/\/www.nossacasa.com.br\/blog\/imoveis-em-torres-cidade-ocupa-3o-lugar-no-volume-de-negociacoes-do-litoral-norte\/"},"wordCount":1050,"commentCount":0,"publisher":{"@id":"https:\/\/www.nossacasa.com.br\/blog\/#organization"},"image":{"@id":"https:\/\/www.nossacasa.com.br\/blog\/imoveis-em-torres-cidade-ocupa-3o-lugar-no-volume-de-negociacoes-do-litoral-norte\/#primaryimage"},"thumbnailUrl":"https:\/\/www.nossacasa.com.br\/blog\/wp-content\/uploads\/2026\/08\/Blognossacasa-9.png","keywords":["apartamento em torres","Casa na praia","im\u00f3veis","im\u00f3veis em torres","Morar na praia","Nossa Casa Im\u00f3veis","praia","torres"],"articleSection":["NOSSA CASA","TORRES","TURISMO","UTILIDADES"],"inLanguage":"pt-BR","potentialAction":[{"@type":"CommentAction","name":"Comment","target":["https:\/\/www.nossacasa.com.br\/blog\/imoveis-em-torres-cidade-ocupa-3o-lugar-no-volume-de-negociacoes-do-litoral-norte\/#respond"]}]},{"@type":"WebPage","@id":"https:\/\/www.nossacasa.com.br\/blog\/imoveis-em-torres-cidade-ocupa-3o-lugar-no-volume-de-negociacoes-do-litoral-norte\/","url":"https:\/\/www.nossacasa.com.br\/blog\/imoveis-em-torres-cidade-ocupa-3o-lugar-no-volume-de-negociacoes-do-litoral-norte\/","name":"Im\u00f3veis em Torres: mercado imobili\u00e1rio se destaca em 2026","isPartOf":{"@id":"https:\/\/www.nossacasa.com.br\/blog\/#website"},"primaryImageOfPage":{"@id":"https:\/\/www.nossacasa.com.br\/blog\/imoveis-em-torres-cidade-ocupa-3o-lugar-no-volume-de-negociacoes-do-litoral-norte\/#primaryimage"},"image":{"@id":"https:\/\/www.nossacasa.com.br\/blog\/imoveis-em-torres-cidade-ocupa-3o-lugar-no-volume-de-negociacoes-do-litoral-norte\/#primaryimage"},"thumbnailUrl":"https:\/\/www.nossacasa.com.br\/blog\/wp-content\/uploads\/2026\/08\/Blognossacasa-9.png","datePublished":"2026-08-23T20:28:21+00:00","dateModified":"2026-08-23T21:19:18+00:00","description":"Torres ocupa a 3\u00aa posi\u00e7\u00e3o no volume de negocia\u00e7\u00f5es de im\u00f3veis no Litoral Norte. Veja o que os n\u00fameros revelam sobre o mercado imobili\u00e1rio em Torres.","breadcrumb":{"@id":"https:\/\/www.nossacasa.com.br\/blog\/imoveis-em-torres-cidade-ocupa-3o-lugar-no-volume-de-negociacoes-do-litoral-norte\/#breadcrumb"},"inLanguage":"pt-BR","potentialAction":[{"@type":"ReadAction","target":["https:\/\/www.nossacasa.com.br\/blog\/imoveis-em-torres-cidade-ocupa-3o-lugar-no-volume-de-negociacoes-do-litoral-norte\/"]}]},{"@type":"ImageObject","inLanguage":"pt-BR","@id":"https:\/\/www.nossacasa.com.br\/blog\/imoveis-em-torres-cidade-ocupa-3o-lugar-no-volume-de-negociacoes-do-litoral-norte\/#primaryimage","url":"https:\/\/www.nossacasa.com.br\/blog\/wp-content\/uploads\/2026\/08\/Blognossacasa-9.png","contentUrl":"https:\/\/www.nossacasa.com.br\/blog\/wp-content\/uploads\/2026\/08\/Blognossacasa-9.png","width":1280,"height":720,"caption":"Im\u00f3veis em Torres: cidade ocupa 3\u00ba lugar no volume de negocia\u00e7\u00f5es do Litoral Norte"},{"@type":"BreadcrumbList","@id":"https:\/\/www.nossacasa.com.br\/blog\/imoveis-em-torres-cidade-ocupa-3o-lugar-no-volume-de-negociacoes-do-litoral-norte\/#breadcrumb","itemListElement":[{"@type":"ListItem","position":1,"name":"In\u00edcio","item":"https:\/\/www.nossacasa.com.br\/blog\/"},{"@type":"ListItem","position":2,"name":"Im\u00f3veis em Torres: cidade ocupa 3\u00ba lugar no volume de negocia\u00e7\u00f5es do Litoral Norte"}]},{"@type":"WebSite","@id":"https:\/\/www.nossacasa.com.br\/blog\/#website","url":"https:\/\/www.nossacasa.com.br\/blog\/","name":"Blog Nossa Casa Im\u00f3veis","description":"Conte\u00fados sobre mercado imobili\u00e1rio, investimentos, compra e venda de im\u00f3veis em Torres\/RS, al\u00e9m de dicas para quem busca qualidade de vida no litoral.","publisher":{"@id":"https:\/\/www.nossacasa.com.br\/blog\/#organization"},"alternateName":"Blog NC","potentialAction":[{"@type":"SearchAction","target":{"@type":"EntryPoint","urlTemplate":"https:\/\/www.nossacasa.com.br\/blog\/?s={search_term_string}"},"query-input":{"@type":"PropertyValueSpecification","valueRequired":true,"valueName":"search_term_string"}}],"inLanguage":"pt-BR"},{"@type":"Organization","@id":"https:\/\/www.nossacasa.com.br\/blog\/#organization","name":"Nossa Casa Im\u00f3veis","alternateName":"NC Im\u00f3veis","url":"https:\/\/www.nossacasa.com.br\/blog\/","logo":{"@type":"ImageObject","inLanguage":"pt-BR","@id":"https:\/\/www.nossacasa.com.br\/blog\/#\/schema\/logo\/image\/","url":"https:\/\/www.nossacasa.com.br\/blog\/wp-content\/uploads\/2026\/06\/Artboard-10.png","contentUrl":"https:\/\/www.nossacasa.com.br\/blog\/wp-content\/uploads\/2026\/06\/Artboard-10.png","width":461,"height":399,"caption":"Nossa Casa Im\u00f3veis"},"image":{"@id":"https:\/\/www.nossacasa.com.br\/blog\/#\/schema\/logo\/image\/"},"sameAs":["https:\/\/www.facebook.com\/nossacasaimoveis","https:\/\/www.instagram.com\/nossacasaimoveis\/"]},{"@type":"Person","@id":"https:\/\/www.nossacasa.com.br\/blog\/#\/schema\/person\/ea571683a7b985e516eccc9dba12afb8","name":"Marketing NC","image":{"@type":"ImageObject","inLanguage":"pt-BR","@id":"https:\/\/secure.gravatar.com\/avatar\/4a798040cc5e1b147a7e6e11b28077953b9dd5be83fa90904bcca836b25f13c8?s=96&d=mm&r=g","url":"https:\/\/secure.gravatar.com\/avatar\/4a798040cc5e1b147a7e6e11b28077953b9dd5be83fa90904bcca836b25f13c8?s=96&d=mm&r=g","contentUrl":"https:\/\/secure.gravatar.com\/avatar\/4a798040cc5e1b147a7e6e11b28077953b9dd5be83fa90904bcca836b25f13c8?s=96&d=mm&r=g","caption":"Marketing NC"},"sameAs":["http:\/\/nossacasa.com.br"],"url":"https:\/\/www.nossacasa.com.br\/blog\/author\/nossacasaimoveis\/"}]}},"_links":{"self":[{"href":"https:\/\/www.nossacasa.com.br\/blog\/wp-json\/wp\/v2\/posts\/6468","targetHints":{"allow":["GET"]}}],"collection":[{"href":"https:\/\/www.nossacasa.com.br\/blog\/wp-json\/wp\/v2\/posts"}],"about":[{"href":"https:\/\/www.nossacasa.com.br\/blog\/wp-json\/wp\/v2\/types\/post"}],"author":[{"embeddable":true,"href":"https:\/\/www.nossacasa.com.br\/blog\/wp-json\/wp\/v2\/users\/7"}],"replies":[{"embeddable":true,"href":"https:\/\/www.nossacasa.com.br\/blog\/wp-json\/wp\/v2\/comments?post=6468"}],"version-history":[{"count":5,"href":"https:\/\/www.nossacasa.com.br\/blog\/wp-json\/wp\/v2\/posts\/6468\/revisions"}],"predecessor-version":[{"id":6478,"href":"https:\/\/www.nossacasa.com.br\/blog\/wp-json\/wp\/v2\/posts\/6468\/revisions\/6478"}],"wp:featuredmedia":[{"embeddable":true,"href":"https:\/\/www.nossacasa.com.br\/blog\/wp-json\/wp\/v2\/media\/6501"}],"wp:attachment":[{"href":"https:\/\/www.nossacasa.com.br\/blog\/wp-json\/wp\/v2\/media?parent=6468"}],"wp:term":[{"taxonomy":"category","embeddable":true,"href":"https:\/\/www.nossacasa.com.br\/blog\/wp-json\/wp\/v2\/categories?post=6468"},{"taxonomy":"post_tag","embeddable":true,"href":"https:\/\/www.nossacasa.com.br\/blog\/wp-json\/wp\/v2\/tags?post=6468"}],"curies":[{"name":"wp","href":"https:\/\/api.w.org\/{rel}","templated":true}]}}